{"id":1787,"date":"2023-07-06T11:48:08","date_gmt":"2023-07-06T11:48:08","guid":{"rendered":"http:\/\/eco-modular.es\/?p=1787"},"modified":"2023-09-25T10:34:54","modified_gmt":"2023-09-25T10:34:54","slug":"el-futuro-de-las-viviendas-modulares-en-asturias-y-mas-alla","status":"publish","type":"post","link":"http:\/\/eco-modular.es\/en\/el-futuro-de-las-viviendas-modulares-en-asturias-y-mas-alla\/","title":{"rendered":"El futuro de las viviendas modulares en Asturias"},"content":{"rendered":"<div data-elementor-type=\"wp-post\" data-elementor-id=\"1787\" class=\"elementor elementor-1787\">\n\t\t\t\t\t\t\t\t\t<section class=\"elementor-section elementor-top-section elementor-element elementor-element-b383392 elementor-section-full_width elementor-section-height-min-height elementor-section-height-default elementor-section-items-middle\" data-id=\"b383392\" data-element_type=\"section\" data-settings=\"{&quot;background_background&quot;:&quot;classic&quot;,&quot;_ha_eqh_enable&quot;:false}\">\n\t\t\t\t\t\t\t<div class=\"elementor-background-overlay\"><\/div>\n\t\t\t\t\t\t\t<div class=\"elementor-container elementor-column-gap-default\">\n\t\t\t\t\t<div class=\"elementor-column elementor-col-100 elementor-top-column elementor-element elementor-element-177a3fc\" data-id=\"177a3fc\" data-element_type=\"column\">\n\t\t\t<div class=\"elementor-widget-wrap elementor-element-populated\">\n\t\t\t\t\t\t\t\t<div class=\"elementor-element elementor-element-b555f02 elementor-widget elementor-widget-ha-page-title happy-addon ha-page-title\" data-id=\"b555f02\" data-element_type=\"widget\" data-widget_type=\"ha-page-title.default\">\n\t\t\t\t<div class=\"elementor-widget-container\">\n\t\t\t<h1 class=\"ha-page-title elementor-size-default\">El futuro de las viviendas modulares en Asturias<\/h1>\t\t<\/div>\n\t\t\t\t<\/div>\n\t\t\t\t\t<\/div>\n\t\t<\/div>\n\t\t\t\t\t\t\t<\/div>\n\t\t<\/section>\n\t\t<div class=\"elementor-element elementor-element-defc06d e-flex e-con-boxed e-con e-parent\" data-id=\"defc06d\" data-element_type=\"container\" data-settings=\"{&quot;container_type&quot;:&quot;flex&quot;,&quot;content_width&quot;:&quot;boxed&quot;}\" data-core-v316-plus=\"true\">\n\t\t\t\t\t<div class=\"e-con-inner\">\n\t\t<div class=\"elementor-element elementor-element-dc53deb elementor-widget-wrap e-con-full e-flex e-con e-child\" data-id=\"dc53deb\" data-element_type=\"container\" data-settings=\"{&quot;content_width&quot;:&quot;full&quot;,&quot;container_type&quot;:&quot;flex&quot;}\">\n\t\t\t\t<div class=\"elementor-element elementor-element-f72a7df elementor-widget elementor-widget-text-editor\" data-id=\"f72a7df\" data-element_type=\"widget\" data-widget_type=\"text-editor.default\">\n\t\t\t\t<div class=\"elementor-widget-container\">\n\t\t\t<style>\/*! elementor - v3.16.0 - 14-09-2023 *\/\n.elementor-widget-text-editor.elementor-drop-cap-view-stacked .elementor-drop-cap{background-color:#69727d;color:#fff}.elementor-widget-text-editor.elementor-drop-cap-view-framed .elementor-drop-cap{color:#69727d;border:3px solid;background-color:transparent}.elementor-widget-text-editor:not(.elementor-drop-cap-view-default) .elementor-drop-cap{margin-top:8px}.elementor-widget-text-editor:not(.elementor-drop-cap-view-default) .elementor-drop-cap-letter{width:1em;height:1em}.elementor-widget-text-editor .elementor-drop-cap{float:left;text-align:center;line-height:1;font-size:50px}.elementor-widget-text-editor .elementor-drop-cap-letter{display:inline-block}<\/style>\t\t\t\t<p>En un mundo en constante evoluci\u00f3n, las viviendas modulares han emergido como una soluci\u00f3n innovadora y prometedora para el sector de la construcci\u00f3n. En esta entrada de blog, exploraremos el futuro de las viviendas modulares en Asturias y m\u00e1s all\u00e1, y c\u00f3mo la empresa l\u00edder Eco-Modular House est\u00e1 preparada para liderar esta revoluci\u00f3n en la industria.<\/p>\t\t\t\t\t\t<\/div>\n\t\t\t\t<\/div>\n\t\t\t\t<div class=\"elementor-element elementor-element-e64fd12 elementor-icon-list--layout-traditional elementor-list-item-link-full_width elementor-widget elementor-widget-icon-list\" data-id=\"e64fd12\" data-element_type=\"widget\" data-widget_type=\"icon-list.default\">\n\t\t\t\t<div class=\"elementor-widget-container\">\n\t\t\t<link rel=\"stylesheet\" href=\"https:\/\/eco-modular.es\/wp-content\/plugins\/elementor\/assets\/css\/widget-icon-list.min.css\">\t\t<ul class=\"elementor-icon-list-items\">\n\t\t\t\t\t\t\t<li class=\"elementor-icon-list-item\">\n\t\t\t\t\t\t\t\t\t\t\t<span class=\"elementor-icon-list-icon\">\n\t\t\t\t\t\t\t<i aria-hidden=\"true\" class=\"fas fa-spinner\"><\/i>\t\t\t\t\t\t<\/span>\n\t\t\t\t\t\t\t\t\t\t<span class=\"elementor-icon-list-text\">Innovaci\u00f3n tecnol\u00f3gica y dise\u00f1o vanguardista<\/span>\n\t\t\t\t\t\t\t\t\t<\/li>\n\t\t\t\t\t\t<\/ul>\n\t\t\t\t<\/div>\n\t\t\t\t<\/div>\n\t\t\t\t<div class=\"elementor-element elementor-element-6989d34 elementor-widget elementor-widget-text-editor\" data-id=\"6989d34\" data-element_type=\"widget\" data-widget_type=\"text-editor.default\">\n\t\t\t\t<div class=\"elementor-widget-container\">\n\t\t\t\t\t\t\t<p>El futuro de las viviendas modulares en Asturias se caracteriza por la integraci\u00f3n de tecnolog\u00edas avanzadas y dise\u00f1os vanguardistas. Eco-Modular House est\u00e1 a la vanguardia de la innovaci\u00f3n, adoptando t\u00e9cnicas de fabricaci\u00f3n digital, impresi\u00f3n en 3D y soluciones inteligentes para crear hogares altamente personalizados y eficientes. Estas innovaciones permiten una mayor flexibilidad en el dise\u00f1o, la optimizaci\u00f3n de los recursos y la mejora de la experiencia del usuario.<\/p>\t\t\t\t\t\t<\/div>\n\t\t\t\t<\/div>\n\t\t\t\t<div class=\"elementor-element elementor-element-dafaa9b elementor-widget elementor-widget-image\" data-id=\"dafaa9b\" data-element_type=\"widget\" data-widget_type=\"image.default\">\n\t\t\t\t<div class=\"elementor-widget-container\">\n\t\t\t<style>\/*! elementor - v3.16.0 - 14-09-2023 *\/\n.elementor-widget-image{text-align:center}.elementor-widget-image a{display:inline-block}.elementor-widget-image a img[src$=\".svg\"]{width:48px}.elementor-widget-image img{vertical-align:middle;display:inline-block}<\/style>\t\t\t\t\t\t\t\t\t\t\t\t<img decoding=\"async\" loading=\"lazy\" width=\"2560\" height=\"1920\" src=\"http:\/\/eco-modular.es\/wp-content\/uploads\/2023\/09\/IMG_20210510_105958-scaled-1.jpg\" class=\"attachment-full size-full wp-image-3895\" alt=\"\" \/>\t\t\t\t\t\t\t\t\t\t\t\t\t\t\t<\/div>\n\t\t\t\t<\/div>\n\t\t\t\t<div class=\"elementor-element elementor-element-b702dbb elementor-icon-list--layout-traditional elementor-list-item-link-full_width elementor-widget elementor-widget-icon-list\" data-id=\"b702dbb\" data-element_type=\"widget\" data-widget_type=\"icon-list.default\">\n\t\t\t\t<div class=\"elementor-widget-container\">\n\t\t\t\t\t<ul class=\"elementor-icon-list-items\">\n\t\t\t\t\t\t\t<li class=\"elementor-icon-list-item\">\n\t\t\t\t\t\t\t\t\t\t\t<span class=\"elementor-icon-list-icon\">\n\t\t\t\t\t\t\t<i aria-hidden=\"true\" class=\"icon icon-power-button\"><\/i>\t\t\t\t\t\t<\/span>\n\t\t\t\t\t\t\t\t\t\t<span class=\"elementor-icon-list-text\">Construcci\u00f3n modular sostenible y ecol\u00f3gica<\/span>\n\t\t\t\t\t\t\t\t\t<\/li>\n\t\t\t\t\t\t<\/ul>\n\t\t\t\t<\/div>\n\t\t\t\t<\/div>\n\t\t\t\t<div class=\"elementor-element elementor-element-ccb651c elementor-widget elementor-widget-text-editor\" data-id=\"ccb651c\" data-element_type=\"widget\" data-widget_type=\"text-editor.default\">\n\t\t\t\t<div class=\"elementor-widget-container\">\n\t\t\t\t\t\t\t<p>La sostenibilidad seguir\u00e1 siendo un factor clave en el futuro de las viviendas modulares. Eco-Modular House continuar\u00e1 liderando el camino en la construcci\u00f3n modular ecol\u00f3gica en Asturias, utilizando materiales ecol\u00f3gicos, tecnolog\u00edas de eficiencia energ\u00e9tica y sistemas ecoamigables. Se espera que la empresa incorpore a\u00fan m\u00e1s soluciones sostenibles, como sistemas de captaci\u00f3n y reutilizaci\u00f3n de agua de lluvia, y sistemas inteligentes de gesti\u00f3n de energ\u00eda para maximizar la eficiencia y minimizar el impacto ambiental.<\/p>\t\t\t\t\t\t<\/div>\n\t\t\t\t<\/div>\n\t\t\t\t<div class=\"elementor-element elementor-element-bbdd06b elementor-widget elementor-widget-image\" data-id=\"bbdd06b\" data-element_type=\"widget\" data-widget_type=\"image.default\">\n\t\t\t\t<div class=\"elementor-widget-container\">\n\t\t\t\t\t\t\t\t\t\t\t\t\t\t\t<img decoding=\"async\" loading=\"lazy\" width=\"1600\" height=\"1200\" src=\"http:\/\/eco-modular.es\/wp-content\/uploads\/2023\/09\/DSCN0278-1.jpg\" class=\"attachment-full size-full wp-image-3889\" alt=\"Vivienda 5 - viviendas modulares en Asturias\" \/>\t\t\t\t\t\t\t\t\t\t\t\t\t\t\t<\/div>\n\t\t\t\t<\/div>\n\t\t\t\t<div class=\"elementor-element elementor-element-85cb1d8 elementor-icon-list--layout-traditional elementor-list-item-link-full_width elementor-widget elementor-widget-icon-list\" data-id=\"85cb1d8\" data-element_type=\"widget\" data-widget_type=\"icon-list.default\">\n\t\t\t\t<div class=\"elementor-widget-container\">\n\t\t\t\t\t<ul class=\"elementor-icon-list-items\">\n\t\t\t\t\t\t\t<li class=\"elementor-icon-list-item\">\n\t\t\t\t\t\t\t\t\t\t\t<span class=\"elementor-icon-list-icon\">\n\t\t\t\t\t\t\t<i aria-hidden=\"true\" class=\"hm hm-emo-smile\"><\/i>\t\t\t\t\t\t<\/span>\n\t\t\t\t\t\t\t\t\t\t<span class=\"elementor-icon-list-text\">Mayor aceptaci\u00f3n y reconocimiento<\/span>\n\t\t\t\t\t\t\t\t\t<\/li>\n\t\t\t\t\t\t<\/ul>\n\t\t\t\t<\/div>\n\t\t\t\t<\/div>\n\t\t\t\t<div class=\"elementor-element elementor-element-47cb465 elementor-widget elementor-widget-text-editor\" data-id=\"47cb465\" data-element_type=\"widget\" data-widget_type=\"text-editor.default\">\n\t\t\t\t<div class=\"elementor-widget-container\">\n\t\t\t\t\t\t\t<p>A medida que las viviendas modulares ganan reconocimiento y aceptaci\u00f3n en la industria de la construcci\u00f3n, se espera que su popularidad aumente en Asturias y m\u00e1s all\u00e1. Cada vez m\u00e1s personas reconocen los beneficios de las viviendas modulares en t\u00e9rminos de personalizaci\u00f3n, calidad, eficiencia y sostenibilidad. Eco-Modular House est\u00e1 posicionada para liderar este crecimiento, estableciendo est\u00e1ndares m\u00e1s altos en t\u00e9rminos de calidad y servicio al cliente.<\/p><p>\u00a0<\/p>\t\t\t\t\t\t<\/div>\n\t\t\t\t<\/div>\n\t\t\t\t<div class=\"elementor-element elementor-element-ee74ea4 elementor-widget elementor-widget-image\" data-id=\"ee74ea4\" data-element_type=\"widget\" data-widget_type=\"image.default\">\n\t\t\t\t<div class=\"elementor-widget-container\">\n\t\t\t\t\t\t\t\t\t\t\t\t\t\t\t<img decoding=\"async\" loading=\"lazy\" width=\"1600\" height=\"900\" src=\"http:\/\/eco-modular.es\/wp-content\/uploads\/2023\/07\/hrdvsypffas.jpg\" class=\"attachment-full size-full wp-image-1796\" alt=\"silhouette of person jumping during dawn\" \/>\t\t\t\t\t\t\t\t\t\t\t\t\t\t\t<\/div>\n\t\t\t\t<\/div>\n\t\t\t\t<div class=\"elementor-element elementor-element-ab69670 elementor-icon-list--layout-traditional elementor-list-item-link-full_width elementor-widget elementor-widget-icon-list\" data-id=\"ab69670\" data-element_type=\"widget\" data-widget_type=\"icon-list.default\">\n\t\t\t\t<div class=\"elementor-widget-container\">\n\t\t\t\t\t<ul class=\"elementor-icon-list-items\">\n\t\t\t\t\t\t\t<li class=\"elementor-icon-list-item\">\n\t\t\t\t\t\t\t\t\t\t\t<span class=\"elementor-icon-list-icon\">\n\t\t\t\t\t\t\t<i aria-hidden=\"true\" class=\"hm hm-currency-exchange\"><\/i>\t\t\t\t\t\t<\/span>\n\t\t\t\t\t\t\t\t\t\t<span class=\"elementor-icon-list-text\">Adaptaci\u00f3n a las necesidades cambiantes:<\/span>\n\t\t\t\t\t\t\t\t\t<\/li>\n\t\t\t\t\t\t<\/ul>\n\t\t\t\t<\/div>\n\t\t\t\t<\/div>\n\t\t\t\t<div class=\"elementor-element elementor-element-d06808e elementor-widget elementor-widget-text-editor\" data-id=\"d06808e\" data-element_type=\"widget\" data-widget_type=\"text-editor.default\">\n\t\t\t\t<div class=\"elementor-widget-container\">\n\t\t\t\t\t\t\t<p>El futuro de las viviendas modulares se caracteriza por su capacidad para adaptarse a las necesidades cambiantes de las personas y las comunidades. Eco-Modular House continuar\u00e1 ofreciendo soluciones flexibles y personalizadas, que se ajusten a diferentes estilos de vida, requisitos espaciales y preferencias est\u00e9ticas. Adem\u00e1s, la versatilidad de las viviendas modulares permitir\u00e1 su aplicaci\u00f3n en diversos contextos, como viviendas multifamiliares, edificios comerciales y proyectos de desarrollo urbano.<\/p>\t\t\t\t\t\t<\/div>\n\t\t\t\t<\/div>\n\t\t\t\t<div class=\"elementor-element elementor-element-7d889fa elementor-widget elementor-widget-image\" data-id=\"7d889fa\" data-element_type=\"widget\" data-widget_type=\"image.default\">\n\t\t\t\t<div class=\"elementor-widget-container\">\n\t\t\t\t\t\t\t\t\t\t\t\t\t\t\t<img decoding=\"async\" loading=\"lazy\" width=\"1600\" height=\"1067\" src=\"http:\/\/eco-modular.es\/wp-content\/uploads\/2023\/07\/nbtidofkgo8.jpg\" class=\"attachment-full size-full wp-image-1776\" alt=\"two men facing each other while shake hands and smiling\" \/>\t\t\t\t\t\t\t\t\t\t\t\t\t\t\t<\/div>\n\t\t\t\t<\/div>\n\t\t\t\t<div class=\"elementor-element elementor-element-0fba5b6 elementor-widget elementor-widget-text-editor\" data-id=\"0fba5b6\" data-element_type=\"widget\" data-widget_type=\"text-editor.default\">\n\t\t\t\t<div class=\"elementor-widget-container\">\n\t\t\t\t\t\t\t<div class=\"group w-full text-gray-800 dark:text-gray-100 border-b border-black\/10 dark:border-gray-900\/50 bg-gray-50 dark:bg-[#444654]\"><div class=\"flex p-4 gap-4 text-base md:gap-6 md:max-w-2xl lg:max-w-[38rem] xl:max-w-3xl md:py-6 lg:px-0 m-auto\"><div class=\"relative flex w-[calc(100%-50px)] flex-col gap-1 md:gap-3 lg:w-[calc(100%-115px)]\"><div class=\"flex flex-grow flex-col gap-3\"><div class=\"min-h-[20px] flex items-start overflow-x-auto whitespace-pre-wrap break-words flex-col gap-4\"><div class=\"markdown prose w-full break-words dark:prose-invert light\"><div class=\"group w-full text-gray-800 dark:text-gray-100 border-b border-black\/10 dark:border-gray-900\/50 bg-gray-50 dark:bg-[#444654]\"><div class=\"flex p-4 gap-4 text-base md:gap-6 md:max-w-2xl lg:max-w-[38rem] xl:max-w-3xl md:py-6 lg:px-0 m-auto\"><div class=\"relative flex w-[calc(100%-50px)] flex-col gap-1 md:gap-3 lg:w-[calc(100%-115px)]\"><div class=\"flex flex-grow flex-col gap-3\"><div class=\"min-h-[20px] flex items-start overflow-x-auto whitespace-pre-wrap break-words flex-col gap-4\"><div class=\"markdown prose w-full break-words dark:prose-invert light\"><div class=\"flex flex-grow flex-col gap-3\"><div class=\"min-h-[20px] flex items-start overflow-x-auto whitespace-pre-wrap break-words flex-col gap-4\"><div class=\"markdown prose w-full break-words dark:prose-invert light\"><p>El futuro de las viviendas modulares en Asturias y m\u00e1s all\u00e1 es emocionante y lleno de oportunidades. Con su enfoque en la innovaci\u00f3n, la sostenibilidad y la adaptabilidad, Eco-Modular House est\u00e1 posicionada como l\u00edder en el sector. Si est\u00e1s considerando construir una vivienda en Asturias, las viviendas modulares ofrecen una alternativa moderna y sostenible que cumple con las necesidades del presente y prepara el camino para un futuro m\u00e1s consciente del medio ambiente.<\/p><\/div><\/div><\/div><\/div><\/div><\/div><\/div><\/div><\/div><\/div><\/div><\/div><\/div><\/div><\/div>\t\t\t\t\t\t<\/div>\n\t\t\t\t<\/div>\n\t\t\t\t<\/div>\n\t\t<div class=\"elementor-element elementor-element-6c7f3e7 e-con-full sticky-main e-flex e-con e-child\" data-id=\"6c7f3e7\" data-element_type=\"container\" data-settings=\"{&quot;content_width&quot;:&quot;full&quot;,&quot;container_type&quot;:&quot;flex&quot;}\">\n\t\t<div class=\"elementor-element elementor-element-2b6caa9 sticky-column e-flex e-con-boxed e-con e-child\" data-id=\"2b6caa9\" data-element_type=\"container\" data-settings=\"{&quot;background_background&quot;:&quot;classic&quot;,&quot;container_type&quot;:&quot;flex&quot;,&quot;content_width&quot;:&quot;boxed&quot;}\">\n\t\t\t\t\t<div class=\"e-con-inner\">\n\t\t\t\t<div class=\"elementor-element elementor-element-26ebc4a elementor-widget elementor-widget-heading\" data-id=\"26ebc4a\" data-element_type=\"widget\" data-widget_type=\"heading.default\">\n\t\t\t\t<div class=\"elementor-widget-container\">\n\t\t\t<style>\/*! elementor - v3.16.0 - 14-09-2023 *\/\n.elementor-heading-title{padding:0;margin:0;line-height:1}.elementor-widget-heading .elementor-heading-title[class*=elementor-size-]>a{color:inherit;font-size:inherit;line-height:inherit}.elementor-widget-heading .elementor-heading-title.elementor-size-small{font-size:15px}.elementor-widget-heading .elementor-heading-title.elementor-size-medium{font-size:19px}.elementor-widget-heading .elementor-heading-title.elementor-size-large{font-size:29px}.elementor-widget-heading .elementor-heading-title.elementor-size-xl{font-size:39px}.elementor-widget-heading .elementor-heading-title.elementor-size-xxl{font-size:59px}<\/style><h2 class=\"elementor-heading-title elementor-size-default\">Te puede interesar<\/h2>\t\t<\/div>\n\t\t\t\t<\/div>\n\t\t\t\t<div class=\"elementor-element elementor-element-3ec2dd1 elementor-widget elementor-widget-ha-post-list happy-addon ha-post-list\" data-id=\"3ec2dd1\" data-element_type=\"widget\" data-widget_type=\"ha-post-list.default\">\n\t\t\t\t<div class=\"elementor-widget-container\">\n\t\t\t\t\t\t<div class=\"ha-post-list-wrapper\">\n\t\t\t\t<ul class=\"ha-post-list\" >\n\t\t\t\t\t\t\t\t\t\t\t<li class=\"ha-post-list-item\">\n\t\t\t\t\t\t\t<a href=\"http:\/\/eco-modular.es\/en\/miranda-1-aviles\/\">\n\t\t\t\t\t\t\t\t<span class=\"ha-post-list-icon\"><i aria-hidden=\"true\" class=\"hm hm-arrow-right1\"><\/i><\/span>\t\t\t\t\t\t\t\t<div class=\"ha-post-list-content\">\n\t\t\t\t\t\t\t\t\t<h2 class=\"ha-post-list-title\">MIRANDA 1 AVIL\u00c9S<\/h2>\t\t\t\t\t\t\t\t\t\t\t\t\t\t\t\t\t\t\t\t\t\t\t\t\t\t\t\t\t\t\t\t\t\t\t<\/div>\n\t\t\t\t\t\t\t<\/a>\n\t\t\t\t\t\t<\/li>\n\t\t\t\t\t\t\t\t\t\t\t<li class=\"ha-post-list-item\">\n\t\t\t\t\t\t\t<a href=\"http:\/\/eco-modular.es\/en\/castiello-p2-gijon\/\">\n\t\t\t\t\t\t\t\t<span class=\"ha-post-list-icon\"><i aria-hidden=\"true\" class=\"hm hm-arrow-right1\"><\/i><\/span>\t\t\t\t\t\t\t\t<div class=\"ha-post-list-content\">\n\t\t\t\t\t\t\t\t\t<h2 class=\"ha-post-list-title\">CASTIELLO P2 GIJ\u00d3N<\/h2>\t\t\t\t\t\t\t\t\t\t\t\t\t\t\t\t\t\t\t\t\t\t\t\t\t\t\t\t\t\t\t\t\t\t\t<\/div>\n\t\t\t\t\t\t\t<\/a>\n\t\t\t\t\t\t<\/li>\n\t\t\t\t\t\t\t\t\t\t\t<li class=\"ha-post-list-item\">\n\t\t\t\t\t\t\t<a href=\"http:\/\/eco-modular.es\/en\/la-miranda-aviles\/\">\n\t\t\t\t\t\t\t\t<span class=\"ha-post-list-icon\"><i aria-hidden=\"true\" class=\"hm hm-arrow-right1\"><\/i><\/span>\t\t\t\t\t\t\t\t<div class=\"ha-post-list-content\">\n\t\t\t\t\t\t\t\t\t<h2 class=\"ha-post-list-title\">LA MIRANDA AVIL\u00c9S<\/h2>\t\t\t\t\t\t\t\t\t\t\t\t\t\t\t\t\t\t\t\t\t\t\t\t\t\t\t\t\t\t\t\t\t\t\t<\/div>\n\t\t\t\t\t\t\t<\/a>\n\t\t\t\t\t\t<\/li>\n\t\t\t\t\t\t\t\t\t\t\t<li class=\"ha-post-list-item\">\n\t\t\t\t\t\t\t<a href=\"http:\/\/eco-modular.es\/en\/el-futuro-de-las-viviendas-modulares-en-asturias-y-mas-alla\/\">\n\t\t\t\t\t\t\t\t<span class=\"ha-post-list-icon\"><i aria-hidden=\"true\" class=\"hm hm-arrow-right1\"><\/i><\/span>\t\t\t\t\t\t\t\t<div class=\"ha-post-list-content\">\n\t\t\t\t\t\t\t\t\t<h2 class=\"ha-post-list-title\">El futuro de las viviendas modulares en Asturias<\/h2>\t\t\t\t\t\t\t\t\t\t\t\t\t\t\t\t\t\t\t\t\t\t\t\t\t\t\t\t\t\t\t\t\t\t\t<\/div>\n\t\t\t\t\t\t\t<\/a>\n\t\t\t\t\t\t<\/li>\n\t\t\t\t\t\t\t\t\t<\/ul>\n\t\t\t<\/div>\n\t\t\t\t\t<\/div>\n\t\t\t\t<\/div>\n\t\t\t\t\t<\/div>\n\t\t\t\t<\/div>\n\t\t\t\t<\/div>\n\t\t\t\t\t<\/div>\n\t\t\t\t<\/div>\n\t\t\t\t\t\t\t<\/div>","protected":false},"excerpt":{"rendered":"<p>El futuro de las viviendas modulares en Asturias y m\u00e1s all\u00e1 En un mundo en constante evoluci\u00f3n, las viviendas modulares han emergido como una soluci\u00f3n innovadora y prometedora para el sector de la construcci\u00f3n. En esta entrada de blog, exploraremos el futuro de las viviendas modulares en Asturias y m\u00e1s all\u00e1, y c\u00f3mo la empresa [&hellip;]<\/p>","protected":false},"author":1,"featured_media":1802,"comment_status":"open","ping_status":"open","sticky":false,"template":"elementor_header_footer","format":"standard","meta":{"footnotes":""},"categories":[8],"tags":[],"yoast_head":"<!-- This site is optimized with the Yoast SEO plugin v21.1 - https:\/\/yoast.com\/wordpress\/plugins\/seo\/ -->\n<title>El futuro de las viviendas modulares en Asturias - Viviendas modulares en Asturias<\/title>\n<meta name=\"robots\" content=\"index, follow, max-snippet:-1, max-image-preview:large, max-video-preview:-1\" \/>\n<link rel=\"canonical\" href=\"http:\/\/eco-modular.es\/en\/el-futuro-de-las-viviendas-modulares-en-asturias-y-mas-alla\/\" \/>\n<meta property=\"og:locale\" content=\"en_US\" \/>\n<meta property=\"og:type\" content=\"article\" \/>\n<meta property=\"og:title\" content=\"El futuro de las viviendas modulares en Asturias - Viviendas modulares en Asturias\" \/>\n<meta property=\"og:description\" content=\"El futuro de las viviendas modulares en Asturias y m\u00e1s all\u00e1 En un mundo en constante evoluci\u00f3n, las viviendas modulares han emergido como una soluci\u00f3n innovadora y prometedora para el sector de la construcci\u00f3n. En esta entrada de blog, exploraremos el futuro de las viviendas modulares en Asturias y m\u00e1s all\u00e1, y c\u00f3mo la empresa [&hellip;]\" \/>\n<meta property=\"og:url\" content=\"http:\/\/eco-modular.es\/en\/el-futuro-de-las-viviendas-modulares-en-asturias-y-mas-alla\/\" \/>\n<meta property=\"og:site_name\" content=\"Viviendas modulares en Asturias\" \/>\n<meta property=\"article:published_time\" content=\"2023-07-06T11:48:08+00:00\" \/>\n<meta property=\"article:modified_time\" content=\"2023-09-25T10:34:54+00:00\" \/>\n<meta property=\"og:image\" content=\"https:\/\/eco-modular.es\/wp-content\/uploads\/2023\/07\/l-xmn4jxhua.jpg\" \/>\n\t<meta property=\"og:image:width\" content=\"1600\" \/>\n\t<meta property=\"og:image:height\" content=\"1066\" \/>\n\t<meta property=\"og:image:type\" content=\"image\/jpeg\" \/>\n<meta name=\"author\" content=\"admin\" \/>\n<meta name=\"twitter:card\" content=\"summary_large_image\" \/>\n<meta name=\"twitter:label1\" content=\"Written by\" \/>\n\t<meta name=\"twitter:data1\" content=\"admin\" \/>\n\t<meta name=\"twitter:label2\" content=\"Est. reading time\" \/>\n\t<meta name=\"twitter:data2\" content=\"3 minutes\" \/>\n<script type=\"application\/ld+json\" class=\"yoast-schema-graph\">{\"@context\":\"https:\/\/schema.org\",\"@graph\":[{\"@type\":\"Article\",\"@id\":\"https:\/\/eco-modular.es\/el-futuro-de-las-viviendas-modulares-en-asturias-y-mas-alla\/#article\",\"isPartOf\":{\"@id\":\"https:\/\/eco-modular.es\/el-futuro-de-las-viviendas-modulares-en-asturias-y-mas-alla\/\"},\"author\":{\"name\":\"admin\",\"@id\":\"http:\/\/eco-modular.es\/#\/schema\/person\/ec1fb6b7c53cece25195153ac086abeb\"},\"headline\":\"El futuro de las viviendas modulares en Asturias\",\"datePublished\":\"2023-07-06T11:48:08+00:00\",\"dateModified\":\"2023-09-25T10:34:54+00:00\",\"mainEntityOfPage\":{\"@id\":\"https:\/\/eco-modular.es\/el-futuro-de-las-viviendas-modulares-en-asturias-y-mas-alla\/\"},\"wordCount\":508,\"commentCount\":0,\"publisher\":{\"@id\":\"http:\/\/eco-modular.es\/#organization\"},\"articleSection\":[\"Publicaciones\"],\"inLanguage\":\"en-US\",\"potentialAction\":[{\"@type\":\"CommentAction\",\"name\":\"Comment\",\"target\":[\"https:\/\/eco-modular.es\/el-futuro-de-las-viviendas-modulares-en-asturias-y-mas-alla\/#respond\"]}]},{\"@type\":\"WebPage\",\"@id\":\"https:\/\/eco-modular.es\/el-futuro-de-las-viviendas-modulares-en-asturias-y-mas-alla\/\",\"url\":\"https:\/\/eco-modular.es\/el-futuro-de-las-viviendas-modulares-en-asturias-y-mas-alla\/\",\"name\":\"El futuro de las viviendas modulares en Asturias - Viviendas modulares en Asturias\",\"isPartOf\":{\"@id\":\"http:\/\/eco-modular.es\/#website\"},\"datePublished\":\"2023-07-06T11:48:08+00:00\",\"dateModified\":\"2023-09-25T10:34:54+00:00\",\"breadcrumb\":{\"@id\":\"https:\/\/eco-modular.es\/el-futuro-de-las-viviendas-modulares-en-asturias-y-mas-alla\/#breadcrumb\"},\"inLanguage\":\"en-US\",\"potentialAction\":[{\"@type\":\"ReadAction\",\"target\":[\"https:\/\/eco-modular.es\/el-futuro-de-las-viviendas-modulares-en-asturias-y-mas-alla\/\"]}]},{\"@type\":\"BreadcrumbList\",\"@id\":\"https:\/\/eco-modular.es\/el-futuro-de-las-viviendas-modulares-en-asturias-y-mas-alla\/#breadcrumb\",\"itemListElement\":[{\"@type\":\"ListItem\",\"position\":1,\"name\":\"Portada\",\"item\":\"http:\/\/eco-modular.es\/\"},{\"@type\":\"ListItem\",\"position\":2,\"name\":\"El futuro de las viviendas modulares en Asturias\"}]},{\"@type\":\"WebSite\",\"@id\":\"http:\/\/eco-modular.es\/#website\",\"url\":\"http:\/\/eco-modular.es\/\",\"name\":\"Viviendas modulares en Asturias\",\"description\":\"Eco-modular house\",\"publisher\":{\"@id\":\"http:\/\/eco-modular.es\/#organization\"},\"potentialAction\":[{\"@type\":\"SearchAction\",\"target\":{\"@type\":\"EntryPoint\",\"urlTemplate\":\"http:\/\/eco-modular.es\/?s={search_term_string}\"},\"query-input\":\"required name=search_term_string\"}],\"inLanguage\":\"en-US\"},{\"@type\":\"Organization\",\"@id\":\"http:\/\/eco-modular.es\/#organization\",\"name\":\"Viviendas modulares en Asturias\",\"url\":\"http:\/\/eco-modular.es\/\",\"logo\":{\"@type\":\"ImageObject\",\"inLanguage\":\"en-US\",\"@id\":\"http:\/\/eco-modular.es\/#\/schema\/logo\/image\/\",\"url\":\"http:\/\/eco-modular.es\/wp-content\/uploads\/2023\/06\/cropped-TextLogo.png\",\"contentUrl\":\"http:\/\/eco-modular.es\/wp-content\/uploads\/2023\/06\/cropped-TextLogo.png\",\"width\":848,\"height\":104,\"caption\":\"Viviendas modulares en Asturias\"},\"image\":{\"@id\":\"http:\/\/eco-modular.es\/#\/schema\/logo\/image\/\"}},{\"@type\":\"Person\",\"@id\":\"http:\/\/eco-modular.es\/#\/schema\/person\/ec1fb6b7c53cece25195153ac086abeb\",\"name\":\"admin\",\"image\":{\"@type\":\"ImageObject\",\"inLanguage\":\"en-US\",\"@id\":\"http:\/\/eco-modular.es\/#\/schema\/person\/image\/\",\"url\":\"http:\/\/0.gravatar.com\/avatar\/?s=96&d=mm&r=g\",\"contentUrl\":\"http:\/\/0.gravatar.com\/avatar\/?s=96&d=mm&r=g\",\"caption\":\"admin\"},\"url\":\"http:\/\/eco-modular.es\/en\/author\/admin\/\"}]}<\/script>\n<!-- \/ Yoast SEO plugin. -->","yoast_head_json":{"title":"El futuro de las viviendas modulares en Asturias - Viviendas modulares en Asturias","robots":{"index":"index","follow":"follow","max-snippet":"max-snippet:-1","max-image-preview":"max-image-preview:large","max-video-preview":"max-video-preview:-1"},"canonical":"http:\/\/eco-modular.es\/en\/el-futuro-de-las-viviendas-modulares-en-asturias-y-mas-alla\/","og_locale":"en_US","og_type":"article","og_title":"El futuro de las viviendas modulares en Asturias - Viviendas modulares en Asturias","og_description":"El futuro de las viviendas modulares en Asturias y m\u00e1s all\u00e1 En un mundo en constante evoluci\u00f3n, las viviendas modulares han emergido como una soluci\u00f3n innovadora y prometedora para el sector de la construcci\u00f3n. En esta entrada de blog, exploraremos el futuro de las viviendas modulares en Asturias y m\u00e1s all\u00e1, y c\u00f3mo la empresa [&hellip;]","og_url":"http:\/\/eco-modular.es\/en\/el-futuro-de-las-viviendas-modulares-en-asturias-y-mas-alla\/","og_site_name":"Viviendas modulares en Asturias","article_published_time":"2023-07-06T11:48:08+00:00","article_modified_time":"2023-09-25T10:34:54+00:00","og_image":[{"width":1600,"height":1066,"url":"https:\/\/eco-modular.es\/wp-content\/uploads\/2023\/07\/l-xmn4jxhua.jpg","type":"image\/jpeg"}],"author":"admin","twitter_card":"summary_large_image","twitter_misc":{"Written by":"admin","Est. reading time":"3 minutes"},"schema":{"@context":"https:\/\/schema.org","@graph":[{"@type":"Article","@id":"https:\/\/eco-modular.es\/el-futuro-de-las-viviendas-modulares-en-asturias-y-mas-alla\/#article","isPartOf":{"@id":"https:\/\/eco-modular.es\/el-futuro-de-las-viviendas-modulares-en-asturias-y-mas-alla\/"},"author":{"name":"admin","@id":"http:\/\/eco-modular.es\/#\/schema\/person\/ec1fb6b7c53cece25195153ac086abeb"},"headline":"El futuro de las viviendas modulares en Asturias","datePublished":"2023-07-06T11:48:08+00:00","dateModified":"2023-09-25T10:34:54+00:00","mainEntityOfPage":{"@id":"https:\/\/eco-modular.es\/el-futuro-de-las-viviendas-modulares-en-asturias-y-mas-alla\/"},"wordCount":508,"commentCount":0,"publisher":{"@id":"http:\/\/eco-modular.es\/#organization"},"articleSection":["Publicaciones"],"inLanguage":"en-US","potentialAction":[{"@type":"CommentAction","name":"Comment","target":["https:\/\/eco-modular.es\/el-futuro-de-las-viviendas-modulares-en-asturias-y-mas-alla\/#respond"]}]},{"@type":"WebPage","@id":"https:\/\/eco-modular.es\/el-futuro-de-las-viviendas-modulares-en-asturias-y-mas-alla\/","url":"https:\/\/eco-modular.es\/el-futuro-de-las-viviendas-modulares-en-asturias-y-mas-alla\/","name":"El futuro de las viviendas modulares en Asturias - Viviendas modulares en Asturias","isPartOf":{"@id":"http:\/\/eco-modular.es\/#website"},"datePublished":"2023-07-06T11:48:08+00:00","dateModified":"2023-09-25T10:34:54+00:00","breadcrumb":{"@id":"https:\/\/eco-modular.es\/el-futuro-de-las-viviendas-modulares-en-asturias-y-mas-alla\/#breadcrumb"},"inLanguage":"en-US","potentialAction":[{"@type":"ReadAction","target":["https:\/\/eco-modular.es\/el-futuro-de-las-viviendas-modulares-en-asturias-y-mas-alla\/"]}]},{"@type":"BreadcrumbList","@id":"https:\/\/eco-modular.es\/el-futuro-de-las-viviendas-modulares-en-asturias-y-mas-alla\/#breadcrumb","itemListElement":[{"@type":"ListItem","position":1,"name":"Portada","item":"http:\/\/eco-modular.es\/"},{"@type":"ListItem","position":2,"name":"El futuro de las viviendas modulares en Asturias"}]},{"@type":"WebSite","@id":"http:\/\/eco-modular.es\/#website","url":"http:\/\/eco-modular.es\/","name":"Viviendas modulares en Asturias","description":"Eco-modular house","publisher":{"@id":"http:\/\/eco-modular.es\/#organization"},"potentialAction":[{"@type":"SearchAction","target":{"@type":"EntryPoint","urlTemplate":"http:\/\/eco-modular.es\/?s={search_term_string}"},"query-input":"required name=search_term_string"}],"inLanguage":"en-US"},{"@type":"Organization","@id":"http:\/\/eco-modular.es\/#organization","name":"Viviendas modulares en Asturias","url":"http:\/\/eco-modular.es\/","logo":{"@type":"ImageObject","inLanguage":"en-US","@id":"http:\/\/eco-modular.es\/#\/schema\/logo\/image\/","url":"http:\/\/eco-modular.es\/wp-content\/uploads\/2023\/06\/cropped-TextLogo.png","contentUrl":"http:\/\/eco-modular.es\/wp-content\/uploads\/2023\/06\/cropped-TextLogo.png","width":848,"height":104,"caption":"Viviendas modulares en Asturias"},"image":{"@id":"http:\/\/eco-modular.es\/#\/schema\/logo\/image\/"}},{"@type":"Person","@id":"http:\/\/eco-modular.es\/#\/schema\/person\/ec1fb6b7c53cece25195153ac086abeb","name":"admin","image":{"@type":"ImageObject","inLanguage":"en-US","@id":"http:\/\/eco-modular.es\/#\/schema\/person\/image\/","url":"http:\/\/0.gravatar.com\/avatar\/?s=96&d=mm&r=g","contentUrl":"http:\/\/0.gravatar.com\/avatar\/?s=96&d=mm&r=g","caption":"admin"},"url":"http:\/\/eco-modular.es\/en\/author\/admin\/"}]}},"rttpg_featured_image_url":{"full":["http:\/\/eco-modular.es\/wp-content\/uploads\/2023\/07\/l-xmn4jxhua.jpg",1600,1066,false],"landscape":["http:\/\/eco-modular.es\/wp-content\/uploads\/2023\/07\/l-xmn4jxhua.jpg",1600,1066,false],"portraits":["http:\/\/eco-modular.es\/wp-content\/uploads\/2023\/07\/l-xmn4jxhua.jpg",1600,1066,false],"thumbnail":["http:\/\/eco-modular.es\/wp-content\/uploads\/2023\/07\/l-xmn4jxhua-150x150.jpg",150,150,true],"medium":["http:\/\/eco-modular.es\/wp-content\/uploads\/2023\/07\/l-xmn4jxhua-300x200.jpg",300,200,true],"large":["http:\/\/eco-modular.es\/wp-content\/uploads\/2023\/07\/l-xmn4jxhua-1024x682.jpg",800,533,true],"1536x1536":["http:\/\/eco-modular.es\/wp-content\/uploads\/2023\/07\/l-xmn4jxhua-1536x1023.jpg",1536,1023,true],"2048x2048":["http:\/\/eco-modular.es\/wp-content\/uploads\/2023\/07\/l-xmn4jxhua.jpg",1600,1066,false],"trp-custom-language-flag":["http:\/\/eco-modular.es\/wp-content\/uploads\/2023\/07\/l-xmn4jxhua-18x12.jpg",18,12,true]},"rttpg_author":{"display_name":"admin","author_link":"http:\/\/eco-modular.es\/en\/author\/admin\/"},"rttpg_comment":183,"rttpg_category":"<a href=\"http:\/\/eco-modular.es\/en\/category\/publicaciones\/\" rel=\"category tag\">Publicaciones<\/a>","rttpg_excerpt":"El futuro de las viviendas modulares en Asturias y m\u00e1s all\u00e1 En un mundo en constante evoluci\u00f3n, las viviendas modulares han emergido como una soluci\u00f3n innovadora y prometedora para el sector de la construcci\u00f3n. En esta entrada de blog, exploraremos el futuro de las viviendas modulares en Asturias y m\u00e1s all\u00e1, y c\u00f3mo la empresa&hellip;","_links":{"self":[{"href":"http:\/\/eco-modular.es\/en\/wp-json\/wp\/v2\/posts\/1787"}],"collection":[{"href":"http:\/\/eco-modular.es\/en\/wp-json\/wp\/v2\/posts"}],"about":[{"href":"http:\/\/eco-modular.es\/en\/wp-json\/wp\/v2\/types\/post"}],"author":[{"embeddable":true,"href":"http:\/\/eco-modular.es\/en\/wp-json\/wp\/v2\/users\/1"}],"replies":[{"embeddable":true,"href":"http:\/\/eco-modular.es\/en\/wp-json\/wp\/v2\/comments?post=1787"}],"version-history":[{"count":9,"href":"http:\/\/eco-modular.es\/en\/wp-json\/wp\/v2\/posts\/1787\/revisions"}],"predecessor-version":[{"id":3906,"href":"http:\/\/eco-modular.es\/en\/wp-json\/wp\/v2\/posts\/1787\/revisions\/3906"}],"wp:featuredmedia":[{"embeddable":true,"href":"http:\/\/eco-modular.es\/en\/wp-json\/wp\/v2\/media\/1802"}],"wp:attachment":[{"href":"http:\/\/eco-modular.es\/en\/wp-json\/wp\/v2\/media?parent=1787"}],"wp:term":[{"taxonomy":"category","embeddable":true,"href":"http:\/\/eco-modular.es\/en\/wp-json\/wp\/v2\/categories?post=1787"},{"taxonomy":"post_tag","embeddable":true,"href":"http:\/\/eco-modular.es\/en\/wp-json\/wp\/v2\/tags?post=1787"}],"curies":[{"name":"wp","href":"https:\/\/api.w.org\/{rel}","templated":true}]}}